{"id":289,"date":"2022-08-31T21:44:04","date_gmt":"2022-09-01T00:44:04","guid":{"rendered":"https:\/\/kinesiocatamarca.org.ar\/v3\/?p=289"},"modified":"2022-08-31T21:44:04","modified_gmt":"2022-09-01T00:44:04","slug":"%f0%9f%94%b7-reunion-con-colegios-y-asociaciones-profesionales-de-catamarca-%f0%9f%94%b7","status":"publish","type":"post","link":"https:\/\/kinesiocatamarca.org.ar\/v3\/2022\/08\/31\/%f0%9f%94%b7-reunion-con-colegios-y-asociaciones-profesionales-de-catamarca-%f0%9f%94%b7\/","title":{"rendered":"\ud83d\udd37 REUNI\u00d3N CON COLEGIOS Y ASOCIACIONES PROFESIONALES DE CATAMARCA \ud83d\udd37"},"content":{"rendered":"\n<div id=\"section-g8d7c61\" class=\"wp-block-gutentor-e6 section-g8d7c61 gutentor-element gutentor-element-image\"><div class=\"gutentor-element-image-box\"><div class=\"gutentor-image-thumb\"><img decoding=\"async\" class=\"normal-image\" src=\"https:\/\/kinesiocatamarca.org.ar\/v3\/wp-content\/uploads\/2022\/08\/Mesa-de-trabajo-2-100.jpg\"\/><\/div><\/div><\/div>\n\n\n\n<div id=\"section-g506e15\" class=\"wp-block-gutentor-e6 section-g506e15 gutentor-element gutentor-element-image\"><div class=\"gutentor-element-image-box\"><div class=\"gutentor-image-thumb\"><img decoding=\"async\" class=\"normal-image\" src=\"https:\/\/kinesiocatamarca.org.ar\/v3\/wp-content\/uploads\/2022\/08\/Mesa-de-trabajo-3-100.jpg\"\/><\/div><\/div><\/div>\n\n\n\n<p>El d\u00eda de hoy, 31 de Agosto de 2022 se llev\u00f3 a cabo una reuni\u00f3n interinstitucional con representantes de los <strong>Colegios Profesionales de la provincia<\/strong> para dialogar sobre temas emergentes de conocimiento p\u00fablico.<\/p>\n\n\n\n<p>\u2712\ufe0f Atte: Comisi\u00f3n Directiva&nbsp;<\/p>\n","protected":false},"excerpt":{"rendered":"<p>El d\u00eda de hoy, 31 de Agosto de 2022 se llev\u00f3 a cabo una reuni\u00f3n interinstitucional con representantes de los Colegios Profesionales de la provincia para dialogar sobre temas emergentes&#8230; <a href=\"https:\/\/kinesiocatamarca.org.ar\/v3\/2022\/08\/31\/%f0%9f%94%b7-reunion-con-colegios-y-asociaciones-profesionales-de-catamarca-%f0%9f%94%b7\/\">Leer m\u00e1s &raquo;<\/a><\/p>\n","protected":false},"author":1,"featured_media":291,"comment_status":"closed","ping_status":"open","sticky":false,"template":"","format":"standard","meta":{"footnotes":""},"categories":[3],"tags":[],"class_list":["post-289","post","type-post","status-publish","format-standard","has-post-thumbnail","hentry","category-noticias"],"gutentor_comment":0,"_links":{"self":[{"href":"https:\/\/kinesiocatamarca.org.ar\/v3\/wp-json\/wp\/v2\/posts\/289","targetHints":{"allow":["GET"]}}],"collection":[{"href":"https:\/\/kinesiocatamarca.org.ar\/v3\/wp-json\/wp\/v2\/posts"}],"about":[{"href":"https:\/\/kinesiocatamarca.org.ar\/v3\/wp-json\/wp\/v2\/types\/post"}],"author":[{"embeddable":true,"href":"https:\/\/kinesiocatamarca.org.ar\/v3\/wp-json\/wp\/v2\/users\/1"}],"replies":[{"embeddable":true,"href":"https:\/\/kinesiocatamarca.org.ar\/v3\/wp-json\/wp\/v2\/comments?post=289"}],"version-history":[{"count":1,"href":"https:\/\/kinesiocatamarca.org.ar\/v3\/wp-json\/wp\/v2\/posts\/289\/revisions"}],"predecessor-version":[{"id":292,"href":"https:\/\/kinesiocatamarca.org.ar\/v3\/wp-json\/wp\/v2\/posts\/289\/revisions\/292"}],"wp:featuredmedia":[{"embeddable":true,"href":"https:\/\/kinesiocatamarca.org.ar\/v3\/wp-json\/wp\/v2\/media\/291"}],"wp:attachment":[{"href":"https:\/\/kinesiocatamarca.org.ar\/v3\/wp-json\/wp\/v2\/media?parent=289"}],"wp:term":[{"taxonomy":"category","embeddable":true,"href":"https:\/\/kinesiocatamarca.org.ar\/v3\/wp-json\/wp\/v2\/categories?post=289"},{"taxonomy":"post_tag","embeddable":true,"href":"https:\/\/kinesiocatamarca.org.ar\/v3\/wp-json\/wp\/v2\/tags?post=289"}],"curies":[{"name":"wp","href":"https:\/\/api.w.org\/{rel}","templated":true}]}}