{"id":276,"date":"2022-08-18T17:55:49","date_gmt":"2022-08-18T20:55:49","guid":{"rendered":"https:\/\/kinesiocatamarca.org.ar\/v3\/?p=276"},"modified":"2022-08-18T17:55:49","modified_gmt":"2022-08-18T20:55:49","slug":"%f0%9f%92%a5-ganadores-del-sorteo-de-las-medias-becas-y-las-becas-completas-para-el-13-congreso-de-la-asociacion-de-kinesiologia-del-deporte-el-1-2-y-3-de-septiembre-%f0%9f%93%a3","status":"publish","type":"post","link":"https:\/\/kinesiocatamarca.org.ar\/v3\/2022\/08\/18\/%f0%9f%92%a5-ganadores-del-sorteo-de-las-medias-becas-y-las-becas-completas-para-el-13-congreso-de-la-asociacion-de-kinesiologia-del-deporte-el-1-2-y-3-de-septiembre-%f0%9f%93%a3\/","title":{"rendered":"\ud83d\udca5 GANADORES DEL SORTEO DE LAS MEDIAS BECAS Y LAS BECAS COMPLETAS para el 13\u00b0 Congreso de la Asociaci\u00f3n de Kinesiolog\u00eda del Deporte el 1, 2 y 3 de Septiembre. \ud83d\udce3"},"content":{"rendered":"\n<p>\u00a1FELICITACIONES A LOS GANADORES!\ud83d\udc4f\ud83c\udffd\ud83d\udc4f\ud83c\udffd<\/p>\n\n\n\n<p>Esperamos que esta oportunidad de participar en dicho congreso sea fruct\u00edfera para los beneficiados y que cada vez sean m\u00e1s los profesionales socios de nuestro colegio que puedan estar presentes en eventos tan importantes para la Comunidad Cient\u00edfica de Kinesiolog\u00eda del Deporte.<\/p>\n\n\n\n<p>\ud83d\udd39 Renovamos nuestro agradecimiento a la Asociaci\u00f3n de Kinesiolog\u00eda del Deporte, a la Direcci\u00f3n de Rehabilitaci\u00f3n Provincial Deportiva dependiente de la Secretar\u00eda de Deportes, al Secretario de Deportes Daniel Lavalleti, al secretario de Gobierno y Coordinaci\u00f3n Dr. Fernando Monguillot y al Sr. Intendente Gustavo Saadi.<\/p>\n\n\n\n<div id=\"section-g5f831d\" class=\"wp-block-gutentor-e6 section-g5f831d gutentor-element gutentor-element-image\"><div class=\"gutentor-element-image-box\"><div class=\"gutentor-image-thumb\"><img decoding=\"async\" class=\"normal-image\" src=\"https:\/\/kinesiocatamarca.org.ar\/v3\/wp-content\/uploads\/2022\/08\/Mesa-de-trabajo-1-100-10.jpg\"\/><\/div><\/div><\/div>\n","protected":false},"excerpt":{"rendered":"<p>\u00a1FELICITACIONES A LOS GANADORES!\ud83d\udc4f\ud83c\udffd\ud83d\udc4f\ud83c\udffd Esperamos que esta oportunidad de participar en dicho congreso sea fruct\u00edfera para los beneficiados y que cada vez sean m\u00e1s los profesionales socios de nuestro colegio&#8230; <a href=\"https:\/\/kinesiocatamarca.org.ar\/v3\/2022\/08\/18\/%f0%9f%92%a5-ganadores-del-sorteo-de-las-medias-becas-y-las-becas-completas-para-el-13-congreso-de-la-asociacion-de-kinesiologia-del-deporte-el-1-2-y-3-de-septiembre-%f0%9f%93%a3\/\">Leer m\u00e1s &raquo;<\/a><\/p>\n","protected":false},"author":1,"featured_media":277,"comment_status":"closed","ping_status":"open","sticky":false,"template":"","format":"standard","meta":{"footnotes":""},"categories":[4],"tags":[],"class_list":["post-276","post","type-post","status-publish","format-standard","has-post-thumbnail","hentry","category-capacitaciones"],"gutentor_comment":0,"_links":{"self":[{"href":"https:\/\/kinesiocatamarca.org.ar\/v3\/wp-json\/wp\/v2\/posts\/276","targetHints":{"allow":["GET"]}}],"collection":[{"href":"https:\/\/kinesiocatamarca.org.ar\/v3\/wp-json\/wp\/v2\/posts"}],"about":[{"href":"https:\/\/kinesiocatamarca.org.ar\/v3\/wp-json\/wp\/v2\/types\/post"}],"author":[{"embeddable":true,"href":"https:\/\/kinesiocatamarca.org.ar\/v3\/wp-json\/wp\/v2\/users\/1"}],"replies":[{"embeddable":true,"href":"https:\/\/kinesiocatamarca.org.ar\/v3\/wp-json\/wp\/v2\/comments?post=276"}],"version-history":[{"count":1,"href":"https:\/\/kinesiocatamarca.org.ar\/v3\/wp-json\/wp\/v2\/posts\/276\/revisions"}],"predecessor-version":[{"id":278,"href":"https:\/\/kinesiocatamarca.org.ar\/v3\/wp-json\/wp\/v2\/posts\/276\/revisions\/278"}],"wp:featuredmedia":[{"embeddable":true,"href":"https:\/\/kinesiocatamarca.org.ar\/v3\/wp-json\/wp\/v2\/media\/277"}],"wp:attachment":[{"href":"https:\/\/kinesiocatamarca.org.ar\/v3\/wp-json\/wp\/v2\/media?parent=276"}],"wp:term":[{"taxonomy":"category","embeddable":true,"href":"https:\/\/kinesiocatamarca.org.ar\/v3\/wp-json\/wp\/v2\/categories?post=276"},{"taxonomy":"post_tag","embeddable":true,"href":"https:\/\/kinesiocatamarca.org.ar\/v3\/wp-json\/wp\/v2\/tags?post=276"}],"curies":[{"name":"wp","href":"https:\/\/api.w.org\/{rel}","templated":true}]}}