{"id":271,"date":"2022-08-10T15:36:46","date_gmt":"2022-08-10T18:36:46","guid":{"rendered":"https:\/\/kinesiocatamarca.org.ar\/v3\/?p=271"},"modified":"2022-08-10T15:36:46","modified_gmt":"2022-08-10T18:36:46","slug":"%f0%9f%93%a3-congreso-akd-2022-%f0%9f%93%a3","status":"publish","type":"post","link":"https:\/\/kinesiocatamarca.org.ar\/v3\/2022\/08\/10\/%f0%9f%93%a3-congreso-akd-2022-%f0%9f%93%a3\/","title":{"rendered":"\ud83d\udce3 CONGRESO AKD 2022 \ud83d\udce3"},"content":{"rendered":"\n<div id=\"section-g5c5df3\" class=\"wp-block-gutentor-e6 section-g5c5df3 gutentor-element gutentor-element-image\"><div class=\"gutentor-element-image-box\"><div class=\"gutentor-image-thumb\"><img decoding=\"async\" class=\"normal-image\" src=\"https:\/\/kinesiocatamarca.org.ar\/v3\/wp-content\/uploads\/2022\/08\/CONGRESO_AKD2022_inscribite.png\"\/><\/div><\/div><\/div>\n\n\n\n<p>Te invitamos a participar del 13\u00b0 Congreso de la Asociaci\u00f3n de Kinesiolog\u00eda del Deporte el 1, 2 y 3 de Septiembre.<\/p>\n\n\n\n<p>\ud83d\udd37 SORTEO \ud83d\udd37<\/p>\n\n\n\n<p>Si sos socio al d\u00eda de nuestro colegio y est\u00e1s interesado en asistir podes participar del sorteo de 3 medias becas. \ud83d\udc4f\ud83c\udffc<\/p>\n\n\n\n<p>S\u00f3lo ten\u00e9s que mandar un WhatsApp al n\u00famero del colegio<br>(\ud83d\udcf2 3834-653511)<br>\u26a0\ufe0f Ten\u00e9s tiempo hasta el d\u00eda Mi\u00e9rcoles 17 de Agosto al mediod\u00eda.<\/p>\n\n\n\n<p>\u27a1\ufe0f Toda la info del congreso e inscripciones en:<br><a rel=\"noreferrer noopener\" href=\"http:\/\/congreso2022.akd.org.ar\/\" target=\"_blank\">http:\/\/congreso2022.akd.org.ar\/<\/a><\/p>\n\n\n\n<p><\/p>\n\n\n\n<div id=\"section-g2f1866\" class=\"wp-block-gutentor-e6 section-g2f1866 gutentor-element gutentor-element-image\"><div class=\"gutentor-element-image-box\"><div class=\"gutentor-image-thumb\"><img decoding=\"async\" class=\"normal-image\" src=\"https:\/\/kinesiocatamarca.org.ar\/v3\/wp-content\/uploads\/2022\/08\/Mesa-de-trabajo-1-100-9.jpg\"\/><\/div><\/div><\/div>\n","protected":false},"excerpt":{"rendered":"<p>Te invitamos a participar del 13\u00b0 Congreso de la Asociaci\u00f3n de Kinesiolog\u00eda del Deporte el 1, 2 y 3 de Septiembre. \ud83d\udd37 SORTEO \ud83d\udd37 Si sos socio al d\u00eda de&#8230; <a href=\"https:\/\/kinesiocatamarca.org.ar\/v3\/2022\/08\/10\/%f0%9f%93%a3-congreso-akd-2022-%f0%9f%93%a3\/\">Leer m\u00e1s &raquo;<\/a><\/p>\n","protected":false},"author":1,"featured_media":272,"comment_status":"closed","ping_status":"open","sticky":false,"template":"","format":"standard","meta":{"footnotes":""},"categories":[3],"tags":[],"class_list":["post-271","post","type-post","status-publish","format-standard","has-post-thumbnail","hentry","category-noticias"],"gutentor_comment":0,"_links":{"self":[{"href":"https:\/\/kinesiocatamarca.org.ar\/v3\/wp-json\/wp\/v2\/posts\/271","targetHints":{"allow":["GET"]}}],"collection":[{"href":"https:\/\/kinesiocatamarca.org.ar\/v3\/wp-json\/wp\/v2\/posts"}],"about":[{"href":"https:\/\/kinesiocatamarca.org.ar\/v3\/wp-json\/wp\/v2\/types\/post"}],"author":[{"embeddable":true,"href":"https:\/\/kinesiocatamarca.org.ar\/v3\/wp-json\/wp\/v2\/users\/1"}],"replies":[{"embeddable":true,"href":"https:\/\/kinesiocatamarca.org.ar\/v3\/wp-json\/wp\/v2\/comments?post=271"}],"version-history":[{"count":1,"href":"https:\/\/kinesiocatamarca.org.ar\/v3\/wp-json\/wp\/v2\/posts\/271\/revisions"}],"predecessor-version":[{"id":274,"href":"https:\/\/kinesiocatamarca.org.ar\/v3\/wp-json\/wp\/v2\/posts\/271\/revisions\/274"}],"wp:featuredmedia":[{"embeddable":true,"href":"https:\/\/kinesiocatamarca.org.ar\/v3\/wp-json\/wp\/v2\/media\/272"}],"wp:attachment":[{"href":"https:\/\/kinesiocatamarca.org.ar\/v3\/wp-json\/wp\/v2\/media?parent=271"}],"wp:term":[{"taxonomy":"category","embeddable":true,"href":"https:\/\/kinesiocatamarca.org.ar\/v3\/wp-json\/wp\/v2\/categories?post=271"},{"taxonomy":"post_tag","embeddable":true,"href":"https:\/\/kinesiocatamarca.org.ar\/v3\/wp-json\/wp\/v2\/tags?post=271"}],"curies":[{"name":"wp","href":"https:\/\/api.w.org\/{rel}","templated":true}]}}