{"id":177,"date":"2021-08-02T16:51:37","date_gmt":"2021-08-02T16:51:37","guid":{"rendered":"https:\/\/kinesiocatamarca.org.ar\/v3\/?p=177"},"modified":"2021-08-02T16:51:37","modified_gmt":"2021-08-02T16:51:37","slug":"curso-rehabilitacion-de-pacientes-post-covid-19","status":"publish","type":"post","link":"https:\/\/kinesiocatamarca.org.ar\/v3\/2021\/08\/02\/curso-rehabilitacion-de-pacientes-post-covid-19\/","title":{"rendered":"Curso \u201cRehabilitaci\u00f3n de pacientes post COVID-19\u201d"},"content":{"rendered":"\n<p>\ud83c\udf93 Lic. Laura Rapela y Lic. Dario Villalba<br>\ud83d\udcdd Modalidad: 4 encuentros asincr\u00f3nicos disponibles en el aula 19\/7. Primer espacio sincr\u00f3nico el 21\/8<\/p>\n\n\n\n<p><a href=\"https:\/\/cev.cokiba.org.ar\/course\/view.php?id=23\" target=\"_blank\" rel=\"noreferrer noopener\">Acceso al Campo de entrenamiento virtual COKIBA<\/a><br><br>\u26a0\ufe0f Inscripci\u00f3n:\u00a0<a rel=\"noreferrer noopener\" target=\"_blank\" href=\"mailto:kinefacturacion@gmail.com\">kinefacturacion@gmail.com<\/a><br>\ud83d\udc49 $3.800 matriculados\/as<br>\ud83d\udc69\u200d\u2695\ufe0f\ud83d\udc68\u200d\u2695\ufe0f Dirigido a Lic. en Kinesiolog\u00eda y Fisiatr\u00eda y Fisioterapeutas con inter\u00e9s en la atenci\u00f3n de pacientes que presentan secuelas posteriores al alta <strong>epidemiol\u00f3gica del COVID-19<\/strong><\/p>\n\n\n\n<p>\ud83d\udccc OBJETIVO GENERAL: Brindar conocimientos actualizados sobre las consecuencias f\u00edsicas del paciente con COVID-19, las secuelas m\u00e1s comunes y las herramientas para la evaluaci\u00f3n y tratamiento en las diferentes etapas de la evoluci\u00f3n.<\/p>\n\n\n\n<p>Para m\u00e1s informaci\u00f3n \u2b07\ufe0f\u2b07\ufe0f\u2b07\ufe0f<br>\ud83d\udccd Av. Illia 323<br>\ud83d\udcde 0383 &#8211; 4423259 \/ 445-2846 \/ 445-8803<br>\ud83d\udcf13834-653511<br>\u2709\ufe0f\u00a0<a rel=\"noreferrer noopener\" target=\"_blank\" href=\"mailto:kinefacturacion@gmail.com\">kinefacturacion@gmail.com<\/a><\/p>\n\n\n\n<div id=\"section-ge6cb5c\" class=\"wp-block-gutentor-e6 section-ge6cb5c gutentor-element gutentor-element-image\"><div class=\"gutentor-element-image-box\"><div class=\"gutentor-image-thumb\"><img decoding=\"async\" class=\"normal-image\" src=\"https:\/\/kinesiocatamarca.org.ar\/v3\/wp-content\/uploads\/2021\/08\/Mesa-de-trabajo-1-100-1.jpg\"\/><\/div><\/div><\/div>\n","protected":false},"excerpt":{"rendered":"<p>\ud83c\udf93 Lic. Laura Rapela y Lic. Dario Villalba\ud83d\udcdd Modalidad: 4 encuentros asincr\u00f3nicos disponibles en el aula 19\/7. Primer espacio sincr\u00f3nico el 21\/8 Acceso al Campo de entrenamiento virtual COKIBA \u26a0\ufe0f&#8230; <a href=\"https:\/\/kinesiocatamarca.org.ar\/v3\/2021\/08\/02\/curso-rehabilitacion-de-pacientes-post-covid-19\/\">Leer m\u00e1s &raquo;<\/a><\/p>\n","protected":false},"author":1,"featured_media":179,"comment_status":"closed","ping_status":"open","sticky":false,"template":"","format":"standard","meta":{"footnotes":""},"categories":[4],"tags":[],"class_list":["post-177","post","type-post","status-publish","format-standard","has-post-thumbnail","hentry","category-capacitaciones"],"gutentor_comment":0,"_links":{"self":[{"href":"https:\/\/kinesiocatamarca.org.ar\/v3\/wp-json\/wp\/v2\/posts\/177","targetHints":{"allow":["GET"]}}],"collection":[{"href":"https:\/\/kinesiocatamarca.org.ar\/v3\/wp-json\/wp\/v2\/posts"}],"about":[{"href":"https:\/\/kinesiocatamarca.org.ar\/v3\/wp-json\/wp\/v2\/types\/post"}],"author":[{"embeddable":true,"href":"https:\/\/kinesiocatamarca.org.ar\/v3\/wp-json\/wp\/v2\/users\/1"}],"replies":[{"embeddable":true,"href":"https:\/\/kinesiocatamarca.org.ar\/v3\/wp-json\/wp\/v2\/comments?post=177"}],"version-history":[{"count":2,"href":"https:\/\/kinesiocatamarca.org.ar\/v3\/wp-json\/wp\/v2\/posts\/177\/revisions"}],"predecessor-version":[{"id":180,"href":"https:\/\/kinesiocatamarca.org.ar\/v3\/wp-json\/wp\/v2\/posts\/177\/revisions\/180"}],"wp:featuredmedia":[{"embeddable":true,"href":"https:\/\/kinesiocatamarca.org.ar\/v3\/wp-json\/wp\/v2\/media\/179"}],"wp:attachment":[{"href":"https:\/\/kinesiocatamarca.org.ar\/v3\/wp-json\/wp\/v2\/media?parent=177"}],"wp:term":[{"taxonomy":"category","embeddable":true,"href":"https:\/\/kinesiocatamarca.org.ar\/v3\/wp-json\/wp\/v2\/categories?post=177"},{"taxonomy":"post_tag","embeddable":true,"href":"https:\/\/kinesiocatamarca.org.ar\/v3\/wp-json\/wp\/v2\/tags?post=177"}],"curies":[{"name":"wp","href":"https:\/\/api.w.org\/{rel}","templated":true}]}}