{"id":156,"date":"2021-04-13T13:10:02","date_gmt":"2021-04-13T13:10:02","guid":{"rendered":"https:\/\/kinesiocatamarca.org.ar\/v3\/?p=156"},"modified":"2021-04-13T13:10:02","modified_gmt":"2021-04-13T13:10:02","slug":"13-de-abril-dia-del-kinesiologo","status":"publish","type":"post","link":"https:\/\/kinesiocatamarca.org.ar\/v3\/2021\/04\/13\/13-de-abril-dia-del-kinesiologo\/","title":{"rendered":"13 de Abril: D\u00eda del Kinesi\u00f3logo"},"content":{"rendered":"\n<p>Se celebra este d\u00eda en conmemoraci\u00f3n a la creaci\u00f3n de la primera escuela de Kinesiolog\u00eda en el \u00e1mbito Universitario, el 13 de Abril de 1937 bajo la iniciativa del Dr. Octavio Fern\u00e1ndez, se funda la Escuela de Kinesiolog\u00eda de la Universidad de Buenos Aires. <\/p>\n\n\n\n<p>Desde aquellos d\u00edas esta profesi\u00f3n ha ido creciendo y ganando espacios dentro de las Ciencias de la Salud. <\/p>\n\n\n\n<p>La aplicaci\u00f3n de sus conocimientos puede tener un uso terap\u00e9utico, preventivo, o de alto rendimiento. Su accionar abarca el mantenimiento de la capacidad fisiol\u00f3gica, interviene en la recuperaci\u00f3n, rehabilitaci\u00f3n y reeducaci\u00f3n psicomotora.<\/p>\n\n\n\n<div id=\"section-g3c8fb7\" class=\"wp-block-gutentor-e1 section-g3c8fb7 gutentor-element gutentor-element-advanced-text wow zoomIn text-align-justify-desktop\" data-wow-animation=\"zoomIn\" data-wow-delay=\"2s\" data-wow-speed=\"-4s\" data-wow-iteration=\"\"><div class=\"gutentor-text-wrap\"><h3 class=\"gutentor-text\">Desde el Colegio de Kinesi\u00f3logos y Fisioterapeutas de Catamarca queremos saludar a todos los Kinesi\u00f3logos y Kinesi\u00f3logas y tambi\u00e9n a los futuros colegas, deseamos que sigan esta vocaci\u00f3n en constante evoluci\u00f3n y capacitaci\u00f3n.<\/h3><\/div><\/div>\n\n\n\n<div id=\"section-ge2ceaa\" class=\"wp-block-gutentor-e6 section-ge2ceaa gutentor-element gutentor-element-image text-align-center-desktop\"><div class=\"gutentor-element-image-box\"><div class=\"gutentor-image-thumb\"><img decoding=\"async\" class=\"normal-image\" src=\"https:\/\/kinesiocatamarca.org.ar\/v3\/wp-content\/uploads\/2021\/04\/dia-kine.jpg\"\/><\/div><\/div><\/div>\n\n\n\n<p><\/p>\n","protected":false},"excerpt":{"rendered":"<p>Se celebra este d\u00eda en conmemoraci\u00f3n a la creaci\u00f3n de la primera escuela de Kinesiolog\u00eda en el \u00e1mbito Universitario, el 13 de Abril de 1937 bajo la iniciativa del Dr&#8230;. <a href=\"https:\/\/kinesiocatamarca.org.ar\/v3\/2021\/04\/13\/13-de-abril-dia-del-kinesiologo\/\">Leer m\u00e1s &raquo;<\/a><\/p>\n","protected":false},"author":1,"featured_media":159,"comment_status":"closed","ping_status":"open","sticky":false,"template":"","format":"standard","meta":{"footnotes":""},"categories":[3],"tags":[],"class_list":["post-156","post","type-post","status-publish","format-standard","has-post-thumbnail","hentry","category-noticias"],"gutentor_comment":0,"_links":{"self":[{"href":"https:\/\/kinesiocatamarca.org.ar\/v3\/wp-json\/wp\/v2\/posts\/156","targetHints":{"allow":["GET"]}}],"collection":[{"href":"https:\/\/kinesiocatamarca.org.ar\/v3\/wp-json\/wp\/v2\/posts"}],"about":[{"href":"https:\/\/kinesiocatamarca.org.ar\/v3\/wp-json\/wp\/v2\/types\/post"}],"author":[{"embeddable":true,"href":"https:\/\/kinesiocatamarca.org.ar\/v3\/wp-json\/wp\/v2\/users\/1"}],"replies":[{"embeddable":true,"href":"https:\/\/kinesiocatamarca.org.ar\/v3\/wp-json\/wp\/v2\/comments?post=156"}],"version-history":[{"count":4,"href":"https:\/\/kinesiocatamarca.org.ar\/v3\/wp-json\/wp\/v2\/posts\/156\/revisions"}],"predecessor-version":[{"id":161,"href":"https:\/\/kinesiocatamarca.org.ar\/v3\/wp-json\/wp\/v2\/posts\/156\/revisions\/161"}],"wp:featuredmedia":[{"embeddable":true,"href":"https:\/\/kinesiocatamarca.org.ar\/v3\/wp-json\/wp\/v2\/media\/159"}],"wp:attachment":[{"href":"https:\/\/kinesiocatamarca.org.ar\/v3\/wp-json\/wp\/v2\/media?parent=156"}],"wp:term":[{"taxonomy":"category","embeddable":true,"href":"https:\/\/kinesiocatamarca.org.ar\/v3\/wp-json\/wp\/v2\/categories?post=156"},{"taxonomy":"post_tag","embeddable":true,"href":"https:\/\/kinesiocatamarca.org.ar\/v3\/wp-json\/wp\/v2\/tags?post=156"}],"curies":[{"name":"wp","href":"https:\/\/api.w.org\/{rel}","templated":true}]}}